{"id":31435,"date":"2024-11-01T08:00:07","date_gmt":"2024-11-01T06:00:07","guid":{"rendered":"https:\/\/www.filha.fi\/?p=31435"},"modified":"2024-10-22T14:39:44","modified_gmt":"2024-10-22T11:39:44","slug":"muusikko-tero-vesterinen-menetti-isansa-keuhkosyovalle-toiveikkuuden-lasnaolo-auttoi","status":"publish","type":"post","link":"https:\/\/www.filha.fi\/en\/muusikko-tero-vesterinen-menetti-isansa-keuhkosyovalle-toiveikkuuden-lasnaolo-auttoi\/","title":{"rendered":"Muusikko Tero Vesterinen menetti is\u00e4ns\u00e4 keuhkosy\u00f6v\u00e4lle \u2013 \u201dToiveikkuuden l\u00e4sn\u00e4olo auttoi\u201d"},"content":{"rendered":"<h3><em>Vesterinen Yhtyeineen<\/em> -orkesterista tutuksi tulleen <strong>Tero Vesterisen<\/strong> is\u00e4 sairastui ja menehtyi keuhkosy\u00f6p\u00e4\u00e4n. Kokemuksessa voimaa antoivat l\u00e4heiset sek\u00e4 toivon yll\u00e4pit\u00e4minen. Is\u00e4n sairastuminen vaikutti my\u00f6s omiin valintoihin el\u00e4m\u00e4ss\u00e4.<\/h3>\n<p>&nbsp;<\/p>\n<p><img fetchpriority=\"high\" decoding=\"async\" class=\"alignnone wp-image-31441\" src=\"https:\/\/www.filha.fi\/wp-content\/uploads\/2024\/10\/Vesterinen-1-300x200.png\" alt=\"\" width=\"600\" height=\"401\" srcset=\"https:\/\/www.filha.fi\/wp-content\/uploads\/2024\/10\/Vesterinen-1-300x200.png 300w, https:\/\/www.filha.fi\/wp-content\/uploads\/2024\/10\/Vesterinen-1-1024x684.png 1024w, https:\/\/www.filha.fi\/wp-content\/uploads\/2024\/10\/Vesterinen-1-768x513.png 768w, https:\/\/www.filha.fi\/wp-content\/uploads\/2024\/10\/Vesterinen-1-1536x1026.png 1536w, https:\/\/www.filha.fi\/wp-content\/uploads\/2024\/10\/Vesterinen-1.png 2048w\" sizes=\"(max-width: 600px) 100vw, 600px\" \/><\/p>\n<p style=\"text-align: left;\"><em>(Kuva Universal Music Group)<\/em><\/p>\n<p>Vakavasti sairastuneen l\u00e4heinen tarvitsee tiedon lis\u00e4ksi ennen kaikkea toiveikkuutta. T\u00e4m\u00e4 kirkastui Tero Vesteriselle, kun h\u00e4nen is\u00e4ns\u00e4 sairastui ja menehtyi keuhkosy\u00f6p\u00e4\u00e4n.<\/p>\n<p>Vesterinen, 49, kokee, ett\u00e4 l\u00e4heisten kanssa jaettu toiveikkuus auttoi is\u00e4n sy\u00f6p\u00e4hoitojen aikana el\u00e4m\u00e4n loppumetreille saakka. Kun l\u00e4heisten kanssa oli jo aiemmin pidetty yht\u00e4, surun jakaminen my\u00f6s kuoleman j\u00e4lkeen tuntui helpommalta.<\/p>\n<p><em>-Toivoa haluaa pit\u00e4\u00e4 yll\u00e4 viimeiseen asti. Ei ole v\u00e4\u00e4rin olla toiveikas, p\u00e4invastoin. Se toiveikkuus, vaikka se sitten osoittautuisikin lopulta ei-toteutuneeksi, on t\u00e4rke\u00e4\u00e4. Ei anneta my\u00f6ten ep\u00e4toivolle ja alakuloisuudelle, pettymykselle tai suuttumukselle ja vihalle, koska kyll\u00e4h\u00e4n niit\u00e4kin tunteita tietenkin tulee, <\/em><strong>Vesterinen<\/strong> pohtii.<\/p>\n<h3><strong>Shokkiuutinen kolme vuotta sitten<\/strong><\/h3>\n<p>Noin kolme vuotta sitten porvoolaisen Vesterisen is\u00e4ll\u00e4 oli ollut keuhkokuumetta kolme viikkoa. Kun is\u00e4 hakeutui l\u00e4\u00e4k\u00e4riin, l\u00f6ydettiin h\u00e4nelt\u00e4 toisesta keuhkosta iso sy\u00f6p\u00e4kasvain.<\/p>\n<p><em>-Nyrkinkokoinen, <\/em>muistelee Vesterinen is\u00e4n sanoneen.<\/p>\n<p>Tieto keuhkosy\u00f6v\u00e4st\u00e4 oli shokki koko perheelle. Vesterinen kertoo pitk\u00e4\u00e4n tupakoineen is\u00e4ns\u00e4 ottaneen diagnoosin muita perheenj\u00e4seni\u00e4 rauhallisemmin. H\u00e4nell\u00e4 oli ollut aavistus, ett\u00e4 jotain saattaisi olla vialla. Vesteriselle is\u00e4n keuhkosy\u00f6p\u00e4diagnoosi oli j\u00e4rkytys, ja aluksi mielen valtasi ep\u00e4usko ja ajatus siit\u00e4, ett\u00e4 diagnoosi olisi ollut jollain tapaa v\u00e4\u00e4r\u00e4 tulkinta.<\/p>\n<p>Lis\u00e4tutkimusten tulokset saivat kuitenkin ymm\u00e4rt\u00e4m\u00e4\u00e4n tilanteen ja ep\u00e4usko vaihtui toiveikkuuteen. Ehk\u00e4 sy\u00f6p\u00e4 olisi sel\u00e4tett\u00e4viss\u00e4, tai sy\u00f6v\u00e4n eteneminen saataisiin v\u00e4hint\u00e4\u00e4n pys\u00e4htym\u00e4\u00e4n ja tilanne hallintaan.<\/p>\n<p><em>-Oli jollain tapaa sellainen toiveikas olo, ett\u00e4 kyll\u00e4 t\u00e4m\u00e4 t\u00e4st\u00e4 viel\u00e4 selvi\u00e4\u00e4,<\/em> Vesterinen sanoo.<\/p>\n<h3><strong>Sairauden eteneminen<\/strong><\/h3>\n<p>L\u00f6ydetty kasvain oli niin suurikokoinen, ett\u00e4 se painoi verisuonia ja hoidot piti aloittaa pikaisesti. Hoidoilla pyrittiin pienent\u00e4m\u00e4\u00e4n kasvaimia, ja samalla selvitettiin sy\u00f6v\u00e4n laatua ja levinneisyytt\u00e4.<br \/>\nK\u00e4vi ilmi, ett\u00e4 sy\u00f6p\u00e4 oli \u00e4rh\u00e4kk\u00e4\u00e4 tyyppi\u00e4 ja tehnyt et\u00e4pes\u00e4kkeit\u00e4. Vesterisen is\u00e4\u00e4 hoitaneet l\u00e4\u00e4k\u00e4rit totesivat tilanteen olevan eritt\u00e4in haastava, mutta vakuuttivat tekev\u00e4ns\u00e4 kaiken mahdollisen niin kauan kuin se olisi j\u00e4rkev\u00e4\u00e4 ja potilaan parhaaksi.<\/p>\n<p>Hoidoissa oli parin kuukauden jakso, jonka aikana pyrittiin jarruttamaan suurinta kasvainta ja pys\u00e4ytt\u00e4m\u00e4\u00e4n my\u00f6s muiden kasvainten kasvu. Sy\u00f6p\u00e4 oli kuitenkin et\u00e4pes\u00e4kkeineen aggressiivinen, joten hoitojen painopiste siirtyi tilanteen hallintaan ja kivunlievitykseen.<\/p>\n<p>Vesterisell\u00e4 oli samaan aikaan yhtyeens\u00e4 kanssa kiertue meneill\u00e4\u00e4n. Aina kun h\u00e4n oli kotona, h\u00e4n k\u00e4vi sairaalassa katsomassa is\u00e4\u00e4. Tilannetta helpotti se, ett\u00e4 v\u00e4limatka kodin ja sairaalan v\u00e4lill\u00e4 oli lyhyehk\u00f6.<\/p>\n<p><em>-Kyll\u00e4h\u00e4n se kaiken sen ajan, mit\u00e4 ty\u00f6st\u00e4 j\u00e4i, t\u00e4ytti.<\/em><\/p>\n<p>Is\u00e4n kunto alkoi heiket\u00e4, mutta jossain vaiheessa is\u00e4 kuitenkin p\u00e4\u00e4si viikoksi Vesterisen perheen luo.<\/p>\n<p><em>-Se tuntui tosi hyv\u00e4lt\u00e4 my\u00f6s omien lasten kannalta. Silloisten koronarajoitusten vuoksi olimme muutenkin n\u00e4hneet todella v\u00e4h\u00e4n. Ehdimme viett\u00e4\u00e4 leppoisaa arkea yhdess\u00e4, is\u00e4kin oli viel\u00e4 hyviss\u00e4 voimissa. Se oli tosi hieno juttu, itselle totta kai, mutta my\u00f6s lapsille ja vaimolleni,<\/em> Vesterinen kertoo.<\/p>\n<p>Vesterisen is\u00e4 sairastui kuitenkin uudelleen keuhkokuumeeseen, ja h\u00e4n joutui sairaalaan. Aika pian h\u00e4net siirrettiin palliatiiviselle osastolle. Siin\u00e4 vaiheessa oli jo k\u00e4ynyt selv\u00e4ksi, ett\u00e4 mit\u00e4\u00e4n ei ollut en\u00e4\u00e4 teht\u00e4viss\u00e4. Et\u00e4pes\u00e4kkeet olivat lis\u00e4\u00e4ntyneet, ja is\u00e4 oli mennyt huonoon kuntoon. My\u00f6s kipuja alkoi olla paljon.<\/p>\n<p>Vesterisen is\u00e4 oli noin kuukauden palliatiivisella osastolla ennen kuin menehtyi.<\/p>\n<p><em>-Vaikka tuntui, ettei is\u00e4 kauheasti en\u00e4\u00e4 reagoinut, kun k\u00e4vimme sairaalassa, niin kuitenkin h\u00e4n selke\u00e4sti ymm\u00e4rsi, keit\u00e4 siin\u00e4 on. Tuli hyv\u00e4 olo siit\u00e4, ett\u00e4 me k\u00e4vimme vuorollamme is\u00e4\u00e4 aina katsomassa. Is\u00e4n naisyst\u00e4v\u00e4 oli my\u00f6s paljon siell\u00e4. Vierailut tuntuivat t\u00e4rke\u00e4lt\u00e4 itselle ja varmasti faijallekin sitten kuitenkin.<\/em><\/p>\n<h3><strong>Surun k\u00e4sittely\u00e4 ja tukea<\/strong><\/h3>\n<p>Teron is\u00e4\u00e4 hoidettiin muun muassa <em>Hyvink\u00e4\u00e4n sairaalassa<\/em>, josta Vesterisell\u00e4 on hyvi\u00e4 kokemuksia.<\/p>\n<p><em>-Sairaala oli hieno, hoitajat hyvi\u00e4 ja taitavia.<\/em><\/p>\n<p>Vesterisen vieraillessa sairaalassa hoitajat aina p\u00e4ivittiv\u00e4t is\u00e4n tilanteen ja kunnon. Jossain hoidon vaiheessa Vesterisen is\u00e4 oli ollut sit\u00e4 mielt\u00e4, ettei h\u00e4nen tarvinnut olla sairaalassa, kunto oli sen verran hyv\u00e4. Is\u00e4 oli l\u00e4htenyt sairaalasta omatoimisesti. Hoitohenkil\u00f6kunta oli k\u00e4sitellyt t\u00e4m\u00e4nkin tilanteen hienosti.<\/p>\n<p>Terveydenhuollon ammattilaisten lis\u00e4ksi muukin tuki oli t\u00e4rke\u00e4\u00e4. Vesteriselle erityisesti vaimo on ollut t\u00e4rke\u00e4 tuki. Hyv\u00e4ss\u00e4 ja l\u00e4heisess\u00e4 parisuhteessa pystyi juttelemaan omista tunteista ja my\u00f6s jakamaan huolta ja surua. Is\u00e4n sairastuessa Vesterisell\u00e4 oli alkanut my\u00f6s terapia, jossa is\u00e4n tilannetta oli ollut mahdollista puida.<\/p>\n<p><em>-Surun k\u00e4sittely on ollut hyvin monenlaista omalla kohdallani. Sit\u00e4 ei oikein osaa ennakolta aavistaa, mink\u00e4laisissa tilanteissa tulee mieleen asioita tai tunteita menetyksest\u00e4. Niit\u00e4 voi tulla hyvin yll\u00e4tt\u00e4viss\u00e4kin tilanteissa,<\/em> Vesterinen kertoo.<\/p>\n<p><em>-Toki sitten my\u00f6s meid\u00e4n biisimme ovat tunteikkaita. Esiintymiset ja keikat ovat itselle aina hyvin tunteikkaita tilanteita jo muutenkin. Varsinkin alkuaikoina is\u00e4n kuoleman j\u00e4lkeen tosi monesti tuli keikoilla surullisia oloja. Siin\u00e4 vaiheessa b\u00e4ndikaverit olivat isona tukena.<\/em><\/p>\n<p>Vesterinen on kiitollinen, ett\u00e4 h\u00e4nell\u00e4 on yhteis\u00f6j\u00e4, yst\u00e4v\u00e4piiri ja l\u00e4heisi\u00e4 tukemassa. H\u00e4n toivoisi, ett\u00e4 kaikilla surua kohtaavilla olisi verkostoja tukena.<\/p>\n<h3><strong>Vaikutukset omiin valintoihin<\/strong><\/h3>\n<p>Vesterinen kertoo aina el\u00e4neens\u00e4 p\u00e4\u00e4s\u00e4\u00e4nt\u00f6isesti tervett\u00e4 el\u00e4m\u00e4\u00e4. Perheen kanssa elet\u00e4\u00e4n tervehenkisesti. Ruokavalio koostuu kasvis- ja kalaruuasta. Liikuntaa harrastetaan niin paljon kuin vain ty\u00f6lt\u00e4 ja lapsiperhearjen kiireilt\u00e4 ehdit\u00e4\u00e4n.<\/p>\n<p>My\u00f6s Vesterisen ammatti vaatii terveellisi\u00e4 elintapoja. Laulaminen on fyysisesti vaativaa ja Vesteriselle rakas asia, jossa huonot elintavat n\u00e4kyv\u00e4t nopeasti. Rakkaus musiikkiin motivoi h\u00e4nt\u00e4 pit\u00e4m\u00e4\u00e4n kiinni terveellisist\u00e4 el\u00e4m\u00e4ntavoista.<\/p>\n<p>Is\u00e4n keuhkosy\u00f6p\u00e4 her\u00e4tteli oman tupakoinnin suhteen. Vesterinen ei ollut koskaan polttanut s\u00e4\u00e4nn\u00f6llisesti, mutta 20 vuoden aikana tupakointia oli kuitenkin ehtinyt kerty\u00e4 vuosikausia. Is\u00e4n diagnoosin ja kuoleman my\u00f6t\u00e4 tupakointi p\u00e4\u00e4ttyi siihen paikkaan.<\/p>\n<p><em>-Is\u00e4n sairaus ja is\u00e4n sairasvuoteen \u00e4\u00e4rell\u00e4 vietetyt tunnit olivat kyll\u00e4 siin\u00e4 m\u00e4\u00e4rin itselle rankkoja paikkoja, ett\u00e4 alkoi nopeasti mietti\u00e4, ett\u00e4 ei halua ainakaan omille lapsille sit\u00e4 samaa kokemusta tarjota. Se oli hyvin helppo p\u00e4\u00e4t\u00f6s lopulta, kun oli tuollainen omakohtainen kokemus siit\u00e4, mit\u00e4 se on, kun l\u00e4heinen sairastuu keuhkosy\u00f6p\u00e4\u00e4n.<\/em><\/p>\n<p>Elintapojen muutoksen osalta Vesterinen kokee, ett\u00e4 omien valintojen kiihkoton pohdiskelu on avainasemassa. Voi esimerkiksi pohtia, miksi polttaa ja mik\u00e4 sen funktio on omassa el\u00e4m\u00e4ss\u00e4.<\/p>\n<p><em>-Toivoisi tietenkin, ett\u00e4 ihmiset arvostaisivat omaa itse\u00e4\u00e4n ja l\u00e4heisi\u00e4\u00e4n niin paljon, ett\u00e4 pit\u00e4isiv\u00e4t huolta omasta terveydest\u00e4\u00e4n mahdollisimman hyvin.<\/em><\/p>\n<p>Vaikka Vesterisell\u00e4 itsell\u00e4\u00e4n onkin terveelliset elintavat, h\u00e4n ymm\u00e4rt\u00e4\u00e4, ettei niiden noudattaminen ole aina helppoa ja muiden neuvominen on vaikeaa.<\/p>\n<h3><strong>Tietoa ja toiveikkuutta<\/strong><\/h3>\n<p>Kun Vesterisen is\u00e4n diagnoosi selvisi, h\u00e4n ryhtyi etsim\u00e4\u00e4n tietoa keuhkosy\u00f6v\u00e4st\u00e4 netist\u00e4, mutta huomasi pian, ettei h\u00e4nen tarvitse itse muuttua asiantuntijaksi. Sit\u00e4 varten ovat olemassa koulutetut ammattilaiset.<\/p>\n<p>Vesterisell\u00e4 on valtavan iso luotto suomalaiseen terveydenhuoltoon, l\u00e4\u00e4k\u00e4reihin ja tutkijoihin. Uusia hoitoja kehitell\u00e4\u00e4n koko ajan ja opitaan entist\u00e4 paremmin tuntemaan sy\u00f6v\u00e4n mekanismeja. Sairastuneen l\u00e4heisen\u00e4 luottamus siihen, ett\u00e4 kaikki varmasti tekev\u00e4t parhaansa, jotta se oma l\u00e4heinen selvi\u00e4isi, auttoi. Sen my\u00f6t\u00e4 Vesterinen halusi my\u00f6s antaa ty\u00f6rauhan hoitohenkil\u00f6kunnalle eik\u00e4 kokenut tarvetta kysell\u00e4 joka v\u00e4liss\u00e4 tai alkaa neuvomaan.<\/p>\n<p>L\u00e4heisen sairastumisen kohtaaville Tero haluaakin viestitt\u00e4\u00e4, ett\u00e4 alkuj\u00e4rkytyksen j\u00e4lkeen on helpottavaa, ett\u00e4 ei tarvitse itse olla sy\u00f6p\u00e4hoidon ammattilainen.<\/p>\n<p><em>-Suomessa on todella taitavaa, osaavaa ja my\u00f6s empaattista henkil\u00f6kuntaa sairaaloissa. Se oli hienoa huomata j\u00e4lleen kerran.<\/em><\/p>\n<p>Vesterinen kokee aina saaneensa sen tiedon, mit\u00e4 tarvitsi.<\/p>\n<p>Esimerkiksi palliatiivisessa hoidossa annettiin hoitoja, jotka tuntuivat maallikolle vaikeilta ymm\u00e4rt\u00e4\u00e4. Mutta aina kun Vesterinen kysyi, l\u00e4\u00e4k\u00e4rit selittiv\u00e4t selke\u00e4sti, mit\u00e4 mik\u00e4kin tarkoitti ja miksi tiettyj\u00e4 toimenpiteit\u00e4 tehtiin. Vesterisen mielest\u00e4 oli hienoa, kuinka perusteellisesti ja avoimesti l\u00e4\u00e4k\u00e4rit kertoivat kaikesta.<\/p>\n<p>Tiedon lis\u00e4ksi toinen t\u00e4rke\u00e4 elementti l\u00e4heisten kanssa on toiveikkuuden yll\u00e4pit\u00e4minen. Vesterinen on mukana Sy\u00f6p\u00e4s\u00e4\u00e4ti\u00f6n koordinoimassa <a href=\"https:\/\/roosanauha.syopasaatio.fi\/?gad_source=1&amp;gclid=EAIaIQobChMIvJXN1OuhiQMVmxCiAx1w0zqFEAAYASAAEgL8lvD_BwE\" target=\"_blank\" rel=\"noopener\">Roosa nauha -kampanjassa<\/a>, jossa lahjoituksilla tuetaan suomalaista sy\u00f6p\u00e4tutkimusta sek\u00e4 sairastuneille ja heid\u00e4n l\u00e4heisilleen suunnattuja maksuttomia tuki- ja neuvontapalveluita. Vuoden 2024 teema kampanjassa on <em>\u201dAnna toivon el\u00e4\u00e4\u201d<\/em>.<\/p>\n<p>Lue my\u00f6s Filhan p\u00e4\u00e4sihteeri, professori <strong>Tuula Vasankarin<\/strong> haastattelu <a href=\"https:\/\/roosanauha.syopasaatio.fi\/2024\/09\/19\/vuoden-2024-roosa-nauha-kerayksen-teemana-on-keuhkosyovat\/\" target=\"_blank\" rel=\"noopener\">Roosa nauha -kampanjan<\/a> sivuilta.<\/p>\n","protected":false},"excerpt":{"rendered":"<p>Vesterinen Yhtyeineen -orkesterista tutuksi tulleen Tero Vesterisen is\u00e4 sairastui ja menehtyi keuhkosy\u00f6p\u00e4\u00e4n. Kokemuksessa voimaa antoivat l\u00e4heiset sek\u00e4 toivon yll\u00e4pit\u00e4minen. Is\u00e4n sairastuminen vaikutti my\u00f6s omiin valintoihin el\u00e4m\u00e4ss\u00e4. &nbsp; (Kuva Universal Music &#8230; <a title=\"Muusikko Tero Vesterinen menetti is\u00e4ns\u00e4 keuhkosy\u00f6v\u00e4lle \u2013 \u201dToiveikkuuden l\u00e4sn\u00e4olo auttoi\u201d\" class=\"read-more\" href=\"https:\/\/www.filha.fi\/en\/muusikko-tero-vesterinen-menetti-isansa-keuhkosyovalle-toiveikkuuden-lasnaolo-auttoi\/\" aria-label=\"Read more about Muusikko Tero Vesterinen menetti is\u00e4ns\u00e4 keuhkosy\u00f6v\u00e4lle \u2013 \u201dToiveikkuuden l\u00e4sn\u00e4olo auttoi\u201d\">Read more<\/a><\/p>\n","protected":false},"author":27,"featured_media":0,"comment_status":"closed","ping_status":"closed","sticky":false,"template":"","format":"standard","meta":{"_acf_changed":false,"footnotes":""},"categories":[13,105],"tags":[],"class_list":["post-31435","post","type-post","status-publish","format-standard","hentry","category-ajankohtaista","category-tiina"],"translation":{"provider":"WPGlobus","version":"3.0.2","language":"en","enabled_languages":["fi","en"],"languages":{"fi":{"title":true,"content":true,"excerpt":false},"en":{"title":false,"content":false,"excerpt":false}}},"acf":[],"yoast_head":"<!-- This site is optimized with the Yoast SEO plugin v27.5 - https:\/\/yoast.com\/product\/yoast-seo-wordpress\/ -->\n<title>Muusikko Tero Vesterinen menetti is\u00e4ns\u00e4 keuhkosy\u00f6v\u00e4lle \u2013 \u201dToiveikkuuden l\u00e4sn\u00e4olo auttoi\u201d<\/title>\n<meta name=\"robots\" content=\"index, follow, max-snippet:-1, max-image-preview:large, max-video-preview:-1\" \/>\n<link rel=\"canonical\" href=\"https:\/\/www.filha.fi\/muusikko-tero-vesterinen-menetti-isansa-keuhkosyovalle-toiveikkuuden-lasnaolo-auttoi\/\" \/>\n<meta property=\"og:locale\" content=\"en_US\" \/>\n<meta property=\"og:type\" content=\"article\" \/>\n<meta property=\"og:title\" content=\"Muusikko Tero Vesterinen menetti is\u00e4ns\u00e4 keuhkosy\u00f6v\u00e4lle \u2013 \u201dToiveikkuuden l\u00e4sn\u00e4olo auttoi\u201d\" \/>\n<meta property=\"og:url\" content=\"https:\/\/www.filha.fi\/muusikko-tero-vesterinen-menetti-isansa-keuhkosyovalle-toiveikkuuden-lasnaolo-auttoi\/\" \/>\n<meta property=\"og:site_name\" content=\"Filha\" \/>\n<meta property=\"article:published_time\" content=\"2024-11-01T06:00:07+00:00\" \/>\n<meta property=\"og:image\" content=\"https:\/\/www.filha.fi\/wp-content\/uploads\/2024\/10\/Vesterinen-1-1024x684.png\" \/>\n\t<meta property=\"og:image:width\" content=\"1024\" \/>\n\t<meta property=\"og:image:height\" content=\"684\" \/>\n\t<meta property=\"og:image:type\" content=\"image\/png\" \/>\n<meta name=\"author\" content=\"Tiina Kononen\" \/>\n<meta name=\"twitter:card\" content=\"summary_large_image\" \/>\n<meta name=\"twitter:label1\" content=\"Written by\" \/>\n\t<meta name=\"twitter:data1\" content=\"Tiina Kononen\" \/>\n\t<meta name=\"twitter:label2\" content=\"Est. reading time\" \/>\n\t<meta name=\"twitter:data2\" content=\"8 minutes\" \/>\n<script type=\"application\/ld+json\" class=\"yoast-schema-graph\">{\"@context\":\"https:\\\/\\\/schema.org\",\"@graph\":[{\"@type\":\"Article\",\"@id\":\"https:\\\/\\\/www.filha.fi\\\/muusikko-tero-vesterinen-menetti-isansa-keuhkosyovalle-toiveikkuuden-lasnaolo-auttoi\\\/#article\",\"isPartOf\":{\"@id\":\"https:\\\/\\\/www.filha.fi\\\/muusikko-tero-vesterinen-menetti-isansa-keuhkosyovalle-toiveikkuuden-lasnaolo-auttoi\\\/\"},\"author\":{\"name\":\"Tiina Kononen\",\"@id\":\"https:\\\/\\\/www.filha.fi\\\/#\\\/schema\\\/person\\\/d2be40644b575b7ce2bc556824fe47ac\"},\"headline\":\"Muusikko Tero Vesterinen menetti is\u00e4ns\u00e4 keuhkosy\u00f6v\u00e4lle \u2013 \u201dToiveikkuuden l\u00e4sn\u00e4olo auttoi\u201d\",\"datePublished\":\"2024-11-01T06:00:07+00:00\",\"mainEntityOfPage\":{\"@id\":\"https:\\\/\\\/www.filha.fi\\\/muusikko-tero-vesterinen-menetti-isansa-keuhkosyovalle-toiveikkuuden-lasnaolo-auttoi\\\/\"},\"wordCount\":1389,\"publisher\":{\"@id\":\"https:\\\/\\\/www.filha.fi\\\/#organization\"},\"image\":{\"@id\":\"https:\\\/\\\/www.filha.fi\\\/muusikko-tero-vesterinen-menetti-isansa-keuhkosyovalle-toiveikkuuden-lasnaolo-auttoi\\\/#primaryimage\"},\"thumbnailUrl\":\"https:\\\/\\\/www.filha.fi\\\/wp-content\\\/uploads\\\/2024\\\/10\\\/Vesterinen-1-300x200.png\",\"articleSection\":[\"Ajankohtaista\",\"Tiina\"],\"inLanguage\":\"en-US\"},{\"@type\":\"WebPage\",\"@id\":\"https:\\\/\\\/www.filha.fi\\\/muusikko-tero-vesterinen-menetti-isansa-keuhkosyovalle-toiveikkuuden-lasnaolo-auttoi\\\/\",\"url\":\"https:\\\/\\\/www.filha.fi\\\/muusikko-tero-vesterinen-menetti-isansa-keuhkosyovalle-toiveikkuuden-lasnaolo-auttoi\\\/\",\"name\":\"Muusikko Tero Vesterinen menetti is\u00e4ns\u00e4 keuhkosy\u00f6v\u00e4lle \u2013 \u201dToiveikkuuden l\u00e4sn\u00e4olo auttoi\u201d\",\"isPartOf\":{\"@id\":\"https:\\\/\\\/www.filha.fi\\\/#website\"},\"primaryImageOfPage\":{\"@id\":\"https:\\\/\\\/www.filha.fi\\\/muusikko-tero-vesterinen-menetti-isansa-keuhkosyovalle-toiveikkuuden-lasnaolo-auttoi\\\/#primaryimage\"},\"image\":{\"@id\":\"https:\\\/\\\/www.filha.fi\\\/muusikko-tero-vesterinen-menetti-isansa-keuhkosyovalle-toiveikkuuden-lasnaolo-auttoi\\\/#primaryimage\"},\"thumbnailUrl\":\"https:\\\/\\\/www.filha.fi\\\/wp-content\\\/uploads\\\/2024\\\/10\\\/Vesterinen-1-300x200.png\",\"datePublished\":\"2024-11-01T06:00:07+00:00\",\"description\":\"Muusikko Tero Vesterinen menetti is\u00e4ns\u00e4 keuhkosy\u00f6v\u00e4lle \u2013 \u201dToiveikkuuden l\u00e4sn\u00e4olo auttoi\u201d\",\"breadcrumb\":{\"@id\":\"https:\\\/\\\/www.filha.fi\\\/muusikko-tero-vesterinen-menetti-isansa-keuhkosyovalle-toiveikkuuden-lasnaolo-auttoi\\\/#breadcrumb\"},\"inLanguage\":\"en-US\",\"potentialAction\":[{\"@type\":\"ReadAction\",\"target\":[\"https:\\\/\\\/www.filha.fi\\\/muusikko-tero-vesterinen-menetti-isansa-keuhkosyovalle-toiveikkuuden-lasnaolo-auttoi\\\/\"]}]},{\"@type\":\"ImageObject\",\"inLanguage\":\"en-US\",\"@id\":\"https:\\\/\\\/www.filha.fi\\\/muusikko-tero-vesterinen-menetti-isansa-keuhkosyovalle-toiveikkuuden-lasnaolo-auttoi\\\/#primaryimage\",\"url\":\"https:\\\/\\\/www.filha.fi\\\/wp-content\\\/uploads\\\/2024\\\/10\\\/Vesterinen-1-300x200.png\",\"contentUrl\":\"https:\\\/\\\/www.filha.fi\\\/wp-content\\\/uploads\\\/2024\\\/10\\\/Vesterinen-1-300x200.png\"},{\"@type\":\"BreadcrumbList\",\"@id\":\"https:\\\/\\\/www.filha.fi\\\/muusikko-tero-vesterinen-menetti-isansa-keuhkosyovalle-toiveikkuuden-lasnaolo-auttoi\\\/#breadcrumb\",\"itemListElement\":[{\"@type\":\"ListItem\",\"position\":1,\"name\":\"Home\",\"item\":\"https:\\\/\\\/www.filha.fi\\\/\"},{\"@type\":\"ListItem\",\"position\":2,\"name\":\"Muusikko Tero Vesterinen menetti is\u00e4ns\u00e4 keuhkosy\u00f6v\u00e4lle \u2013 \u201dToiveikkuuden l\u00e4sn\u00e4olo auttoi\u201d\"}]},{\"@type\":\"WebSite\",\"@id\":\"https:\\\/\\\/www.filha.fi\\\/#website\",\"url\":\"https:\\\/\\\/www.filha.fi\\\/\",\"name\":\"Filha\",\"description\":\"Expertise in lung health\",\"publisher\":{\"@id\":\"https:\\\/\\\/www.filha.fi\\\/#organization\"},\"potentialAction\":[{\"@type\":\"SearchAction\",\"target\":{\"@type\":\"EntryPoint\",\"urlTemplate\":\"https:\\\/\\\/www.filha.fi\\\/?s={search_term_string}\"},\"query-input\":{\"@type\":\"PropertyValueSpecification\",\"valueRequired\":true,\"valueName\":\"search_term_string\"}}],\"inLanguage\":\"en-US\"},{\"@type\":\"Organization\",\"@id\":\"https:\\\/\\\/www.filha.fi\\\/#organization\",\"name\":\"Filha ry\",\"url\":\"https:\\\/\\\/www.filha.fi\\\/\",\"logo\":{\"@type\":\"ImageObject\",\"inLanguage\":\"en-US\",\"@id\":\"https:\\\/\\\/www.filha.fi\\\/#\\\/schema\\\/logo\\\/image\\\/\",\"url\":\"https:\\\/\\\/www.filha.fi\\\/wp-content\\\/uploads\\\/2019\\\/04\\\/Filha-logo.png\",\"contentUrl\":\"https:\\\/\\\/www.filha.fi\\\/wp-content\\\/uploads\\\/2019\\\/04\\\/Filha-logo.png\",\"width\":960,\"height\":1230,\"caption\":\"Filha ry\"},\"image\":{\"@id\":\"https:\\\/\\\/www.filha.fi\\\/#\\\/schema\\\/logo\\\/image\\\/\"}},{\"@type\":\"Person\",\"@id\":\"https:\\\/\\\/www.filha.fi\\\/#\\\/schema\\\/person\\\/d2be40644b575b7ce2bc556824fe47ac\",\"name\":\"Tiina Kononen\",\"image\":{\"@type\":\"ImageObject\",\"inLanguage\":\"en-US\",\"@id\":\"https:\\\/\\\/secure.gravatar.com\\\/avatar\\\/92f2145b824630a8fb6c74f198f35e1e309a71883f80dbf0a1939b450014ed0a?s=96&d=mm&r=g\",\"url\":\"https:\\\/\\\/secure.gravatar.com\\\/avatar\\\/92f2145b824630a8fb6c74f198f35e1e309a71883f80dbf0a1939b450014ed0a?s=96&d=mm&r=g\",\"contentUrl\":\"https:\\\/\\\/secure.gravatar.com\\\/avatar\\\/92f2145b824630a8fb6c74f198f35e1e309a71883f80dbf0a1939b450014ed0a?s=96&d=mm&r=g\",\"caption\":\"Tiina Kononen\"}}]}<\/script>\n<!-- \/ Yoast SEO plugin. -->","yoast_head_json":{"title":"Muusikko Tero Vesterinen menetti is\u00e4ns\u00e4 keuhkosy\u00f6v\u00e4lle \u2013 \u201dToiveikkuuden l\u00e4sn\u00e4olo auttoi\u201d","robots":{"index":"index","follow":"follow","max-snippet":"max-snippet:-1","max-image-preview":"max-image-preview:large","max-video-preview":"max-video-preview:-1"},"canonical":"https:\/\/www.filha.fi\/muusikko-tero-vesterinen-menetti-isansa-keuhkosyovalle-toiveikkuuden-lasnaolo-auttoi\/","og_locale":"en_US","og_type":"article","og_title":"Muusikko Tero Vesterinen menetti is\u00e4ns\u00e4 keuhkosy\u00f6v\u00e4lle \u2013 \u201dToiveikkuuden l\u00e4sn\u00e4olo auttoi\u201d","og_url":"https:\/\/www.filha.fi\/muusikko-tero-vesterinen-menetti-isansa-keuhkosyovalle-toiveikkuuden-lasnaolo-auttoi\/","og_site_name":"Filha","article_published_time":"2024-11-01T06:00:07+00:00","og_image":[{"width":1024,"height":684,"url":"https:\/\/www.filha.fi\/wp-content\/uploads\/2024\/10\/Vesterinen-1-1024x684.png","type":"image\/png"}],"author":"Tiina Kononen","twitter_card":"summary_large_image","twitter_misc":{"Written by":"Tiina Kononen","Est. reading time":"8 minutes"},"schema":{"@context":"https:\/\/schema.org","@graph":[{"@type":"Article","@id":"https:\/\/www.filha.fi\/muusikko-tero-vesterinen-menetti-isansa-keuhkosyovalle-toiveikkuuden-lasnaolo-auttoi\/#article","isPartOf":{"@id":"https:\/\/www.filha.fi\/muusikko-tero-vesterinen-menetti-isansa-keuhkosyovalle-toiveikkuuden-lasnaolo-auttoi\/"},"author":{"name":"Tiina Kononen","@id":"https:\/\/www.filha.fi\/#\/schema\/person\/d2be40644b575b7ce2bc556824fe47ac"},"headline":"Muusikko Tero Vesterinen menetti is\u00e4ns\u00e4 keuhkosy\u00f6v\u00e4lle \u2013 \u201dToiveikkuuden l\u00e4sn\u00e4olo auttoi\u201d","datePublished":"2024-11-01T06:00:07+00:00","mainEntityOfPage":{"@id":"https:\/\/www.filha.fi\/muusikko-tero-vesterinen-menetti-isansa-keuhkosyovalle-toiveikkuuden-lasnaolo-auttoi\/"},"wordCount":1389,"publisher":{"@id":"https:\/\/www.filha.fi\/#organization"},"image":{"@id":"https:\/\/www.filha.fi\/muusikko-tero-vesterinen-menetti-isansa-keuhkosyovalle-toiveikkuuden-lasnaolo-auttoi\/#primaryimage"},"thumbnailUrl":"https:\/\/www.filha.fi\/wp-content\/uploads\/2024\/10\/Vesterinen-1-300x200.png","articleSection":["Ajankohtaista","Tiina"],"inLanguage":"en-US"},{"@type":"WebPage","@id":"https:\/\/www.filha.fi\/muusikko-tero-vesterinen-menetti-isansa-keuhkosyovalle-toiveikkuuden-lasnaolo-auttoi\/","url":"https:\/\/www.filha.fi\/muusikko-tero-vesterinen-menetti-isansa-keuhkosyovalle-toiveikkuuden-lasnaolo-auttoi\/","name":"Muusikko Tero Vesterinen menetti is\u00e4ns\u00e4 keuhkosy\u00f6v\u00e4lle \u2013 \u201dToiveikkuuden l\u00e4sn\u00e4olo auttoi\u201d","isPartOf":{"@id":"https:\/\/www.filha.fi\/#website"},"primaryImageOfPage":{"@id":"https:\/\/www.filha.fi\/muusikko-tero-vesterinen-menetti-isansa-keuhkosyovalle-toiveikkuuden-lasnaolo-auttoi\/#primaryimage"},"image":{"@id":"https:\/\/www.filha.fi\/muusikko-tero-vesterinen-menetti-isansa-keuhkosyovalle-toiveikkuuden-lasnaolo-auttoi\/#primaryimage"},"thumbnailUrl":"https:\/\/www.filha.fi\/wp-content\/uploads\/2024\/10\/Vesterinen-1-300x200.png","datePublished":"2024-11-01T06:00:07+00:00","description":"Muusikko Tero Vesterinen menetti is\u00e4ns\u00e4 keuhkosy\u00f6v\u00e4lle \u2013 \u201dToiveikkuuden l\u00e4sn\u00e4olo auttoi\u201d","breadcrumb":{"@id":"https:\/\/www.filha.fi\/muusikko-tero-vesterinen-menetti-isansa-keuhkosyovalle-toiveikkuuden-lasnaolo-auttoi\/#breadcrumb"},"inLanguage":"en-US","potentialAction":[{"@type":"ReadAction","target":["https:\/\/www.filha.fi\/muusikko-tero-vesterinen-menetti-isansa-keuhkosyovalle-toiveikkuuden-lasnaolo-auttoi\/"]}]},{"@type":"ImageObject","inLanguage":"en-US","@id":"https:\/\/www.filha.fi\/muusikko-tero-vesterinen-menetti-isansa-keuhkosyovalle-toiveikkuuden-lasnaolo-auttoi\/#primaryimage","url":"https:\/\/www.filha.fi\/wp-content\/uploads\/2024\/10\/Vesterinen-1-300x200.png","contentUrl":"https:\/\/www.filha.fi\/wp-content\/uploads\/2024\/10\/Vesterinen-1-300x200.png"},{"@type":"BreadcrumbList","@id":"https:\/\/www.filha.fi\/muusikko-tero-vesterinen-menetti-isansa-keuhkosyovalle-toiveikkuuden-lasnaolo-auttoi\/#breadcrumb","itemListElement":[{"@type":"ListItem","position":1,"name":"Home","item":"https:\/\/www.filha.fi\/"},{"@type":"ListItem","position":2,"name":"Muusikko Tero Vesterinen menetti is\u00e4ns\u00e4 keuhkosy\u00f6v\u00e4lle \u2013 \u201dToiveikkuuden l\u00e4sn\u00e4olo auttoi\u201d"}]},{"@type":"WebSite","@id":"https:\/\/www.filha.fi\/#website","url":"https:\/\/www.filha.fi\/","name":"Filha","description":"Expertise in lung health","publisher":{"@id":"https:\/\/www.filha.fi\/#organization"},"potentialAction":[{"@type":"SearchAction","target":{"@type":"EntryPoint","urlTemplate":"https:\/\/www.filha.fi\/?s={search_term_string}"},"query-input":{"@type":"PropertyValueSpecification","valueRequired":true,"valueName":"search_term_string"}}],"inLanguage":"en-US"},{"@type":"Organization","@id":"https:\/\/www.filha.fi\/#organization","name":"Filha ry","url":"https:\/\/www.filha.fi\/","logo":{"@type":"ImageObject","inLanguage":"en-US","@id":"https:\/\/www.filha.fi\/#\/schema\/logo\/image\/","url":"https:\/\/www.filha.fi\/wp-content\/uploads\/2019\/04\/Filha-logo.png","contentUrl":"https:\/\/www.filha.fi\/wp-content\/uploads\/2019\/04\/Filha-logo.png","width":960,"height":1230,"caption":"Filha ry"},"image":{"@id":"https:\/\/www.filha.fi\/#\/schema\/logo\/image\/"}},{"@type":"Person","@id":"https:\/\/www.filha.fi\/#\/schema\/person\/d2be40644b575b7ce2bc556824fe47ac","name":"Tiina Kononen","image":{"@type":"ImageObject","inLanguage":"en-US","@id":"https:\/\/secure.gravatar.com\/avatar\/92f2145b824630a8fb6c74f198f35e1e309a71883f80dbf0a1939b450014ed0a?s=96&d=mm&r=g","url":"https:\/\/secure.gravatar.com\/avatar\/92f2145b824630a8fb6c74f198f35e1e309a71883f80dbf0a1939b450014ed0a?s=96&d=mm&r=g","contentUrl":"https:\/\/secure.gravatar.com\/avatar\/92f2145b824630a8fb6c74f198f35e1e309a71883f80dbf0a1939b450014ed0a?s=96&d=mm&r=g","caption":"Tiina Kononen"}}]}},"_links":{"self":[{"href":"https:\/\/www.filha.fi\/en\/wp-json\/wp\/v2\/posts\/31435","targetHints":{"allow":["GET"]}}],"collection":[{"href":"https:\/\/www.filha.fi\/en\/wp-json\/wp\/v2\/posts"}],"about":[{"href":"https:\/\/www.filha.fi\/en\/wp-json\/wp\/v2\/types\/post"}],"author":[{"embeddable":true,"href":"https:\/\/www.filha.fi\/en\/wp-json\/wp\/v2\/users\/27"}],"replies":[{"embeddable":true,"href":"https:\/\/www.filha.fi\/en\/wp-json\/wp\/v2\/comments?post=31435"}],"version-history":[{"count":0,"href":"https:\/\/www.filha.fi\/en\/wp-json\/wp\/v2\/posts\/31435\/revisions"}],"wp:attachment":[{"href":"https:\/\/www.filha.fi\/en\/wp-json\/wp\/v2\/media?parent=31435"}],"wp:term":[{"taxonomy":"category","embeddable":true,"href":"https:\/\/www.filha.fi\/en\/wp-json\/wp\/v2\/categories?post=31435"},{"taxonomy":"post_tag","embeddable":true,"href":"https:\/\/www.filha.fi\/en\/wp-json\/wp\/v2\/tags?post=31435"}],"curies":[{"name":"wp","href":"https:\/\/api.w.org\/{rel}","templated":true}]}}