{"id":5629,"date":"2020-09-07T10:12:41","date_gmt":"2020-09-07T07:12:41","guid":{"rendered":"https:\/\/www.filha.fi\/?p=5629"},"modified":"2020-09-07T10:12:41","modified_gmt":"2020-09-07T07:12:41","slug":"kansallinen-allergiaohjelma-2008-2018-muutti-asenteita-ja-vahensi-sairastavuutta","status":"publish","type":"post","link":"https:\/\/www.filha.fi\/en\/kansallinen-allergiaohjelma-2008-2018-muutti-asenteita-ja-vahensi-sairastavuutta\/","title":{"rendered":"Kansallinen allergiaohjelma 2008\u20132018 muutti asenteita ja v\u00e4hensi sairastavuutta"},"content":{"rendered":"<p>Allergiaohjelman tulokset on julkaistu nyt L\u00e4\u00e4k\u00e4rilehdess\u00e4. Filha totetutti Allergiaohjelmassa ammattilaisten koulutuksen. Ohjelma muutti asenteita ja v\u00e4hensi sairastavuutta ja kustannuksia. Allergiaohjelma oli jatkoa kansallisille keuhkosairausohjelmille, joissa kaikissa Filha on ollut toteuttajana. T\u00e4ll\u00e4 hetkell\u00e4 Filhan ohjelmaty\u00f6 jatkuu Kansallisessa sis\u00e4ilmaohjelmassa.<\/p>\n<p>Lue lis\u00e4\u00e4 <a href=\"https:\/\/www.laakarilehti.fi\/tieteessa\/alkuperaistutkimukset\/kansallinen-allergiaohjelma-2008-ndash-2018-muutti-asenteita-ja-vahensi-sairastavuutta\/\" target=\"_blank\" rel=\"noopener noreferrer\">Allergiaohjelman tuloksista L\u00e4\u00e4k\u00e4rilehdest\u00e4<\/a>.<\/p>\n","protected":false},"excerpt":{"rendered":"<p>Allergiaohjelman tulokset on julkaistu nyt L\u00e4\u00e4k\u00e4rilehdess\u00e4. Filha totetutti Allergiaohjelmassa ammattilaisten koulutuksen. Ohjelma muutti asenteita ja v\u00e4hensi sairastavuutta ja kustannuksia. Allergiaohjelma oli jatkoa kansallisille keuhkosairausohjelmille, joissa kaikissa Filha on ollut toteuttajana. &#8230; <a title=\"Kansallinen allergiaohjelma 2008\u20132018 muutti asenteita ja v\u00e4hensi sairastavuutta\" class=\"read-more\" href=\"https:\/\/www.filha.fi\/en\/kansallinen-allergiaohjelma-2008-2018-muutti-asenteita-ja-vahensi-sairastavuutta\/\" aria-label=\"Read more about Kansallinen allergiaohjelma 2008\u20132018 muutti asenteita ja v\u00e4hensi sairastavuutta\">Read more<\/a><\/p>\n","protected":false},"author":4,"featured_media":0,"comment_status":"closed","ping_status":"closed","sticky":false,"template":"","format":"standard","meta":{"_acf_changed":false,"footnotes":""},"categories":[6,36,47],"tags":[],"class_list":["post-5629","post","type-post","status-publish","format-standard","hentry","category-allergiaohjelma","category-krista","category-tuula"],"translation":{"provider":"WPGlobus","version":"3.0.2","language":"en","enabled_languages":["fi","en"],"languages":{"fi":{"title":true,"content":true,"excerpt":false},"en":{"title":false,"content":false,"excerpt":false}}},"acf":[],"yoast_head":"<!-- This site is optimized with the Yoast SEO plugin v27.5 - https:\/\/yoast.com\/product\/yoast-seo-wordpress\/ -->\n<title>Kansallinen allergiaohjelma 2008\u20132018 muutti asenteita ja v\u00e4hensi sairastavuutta<\/title>\n<meta name=\"robots\" content=\"index, follow, max-snippet:-1, max-image-preview:large, max-video-preview:-1\" \/>\n<link rel=\"canonical\" href=\"https:\/\/www.filha.fi\/kansallinen-allergiaohjelma-2008-2018-muutti-asenteita-ja-vahensi-sairastavuutta\/\" \/>\n<meta property=\"og:locale\" content=\"en_US\" \/>\n<meta property=\"og:type\" content=\"article\" \/>\n<meta property=\"og:title\" content=\"Kansallinen allergiaohjelma 2008\u20132018 muutti asenteita ja v\u00e4hensi sairastavuutta\" \/>\n<meta property=\"og:url\" content=\"https:\/\/www.filha.fi\/kansallinen-allergiaohjelma-2008-2018-muutti-asenteita-ja-vahensi-sairastavuutta\/\" \/>\n<meta property=\"og:site_name\" content=\"Filha\" \/>\n<meta property=\"article:published_time\" content=\"2020-09-07T07:12:41+00:00\" \/>\n<meta property=\"og:image\" content=\"https:\/\/www.filha.fi\/wp-content\/uploads\/2019\/04\/Filha-logo.png\" \/>\n\t<meta property=\"og:image:width\" content=\"960\" \/>\n\t<meta property=\"og:image:height\" content=\"1230\" \/>\n\t<meta property=\"og:image:type\" content=\"image\/png\" \/>\n<meta name=\"author\" content=\"Mikko\" \/>\n<meta name=\"twitter:card\" content=\"summary_large_image\" \/>\n<meta name=\"twitter:label1\" content=\"Written by\" \/>\n\t<meta name=\"twitter:data1\" content=\"Mikko\" \/>\n<script type=\"application\/ld+json\" class=\"yoast-schema-graph\">{\"@context\":\"https:\\\/\\\/schema.org\",\"@graph\":[{\"@type\":\"Article\",\"@id\":\"https:\\\/\\\/www.filha.fi\\\/kansallinen-allergiaohjelma-2008-2018-muutti-asenteita-ja-vahensi-sairastavuutta\\\/#article\",\"isPartOf\":{\"@id\":\"https:\\\/\\\/www.filha.fi\\\/kansallinen-allergiaohjelma-2008-2018-muutti-asenteita-ja-vahensi-sairastavuutta\\\/\"},\"author\":{\"name\":\"Mikko\",\"@id\":\"https:\\\/\\\/www.filha.fi\\\/#\\\/schema\\\/person\\\/d9a90cc0a9cfe31f761832c935c04c52\"},\"headline\":\"Kansallinen allergiaohjelma 2008\u20132018 muutti asenteita ja v\u00e4hensi sairastavuutta\",\"datePublished\":\"2020-09-07T07:12:41+00:00\",\"mainEntityOfPage\":{\"@id\":\"https:\\\/\\\/www.filha.fi\\\/kansallinen-allergiaohjelma-2008-2018-muutti-asenteita-ja-vahensi-sairastavuutta\\\/\"},\"wordCount\":57,\"publisher\":{\"@id\":\"https:\\\/\\\/www.filha.fi\\\/#organization\"},\"articleSection\":[\"Allergiaohjelma\",\"Krista\",\"Tuula\"],\"inLanguage\":\"en-US\"},{\"@type\":\"WebPage\",\"@id\":\"https:\\\/\\\/www.filha.fi\\\/kansallinen-allergiaohjelma-2008-2018-muutti-asenteita-ja-vahensi-sairastavuutta\\\/\",\"url\":\"https:\\\/\\\/www.filha.fi\\\/kansallinen-allergiaohjelma-2008-2018-muutti-asenteita-ja-vahensi-sairastavuutta\\\/\",\"name\":\"Kansallinen allergiaohjelma 2008\u20132018 muutti asenteita ja v\u00e4hensi sairastavuutta\",\"isPartOf\":{\"@id\":\"https:\\\/\\\/www.filha.fi\\\/#website\"},\"datePublished\":\"2020-09-07T07:12:41+00:00\",\"description\":\"Kansallinen allergiaohjelma 2008\u20132018 muutti asenteita ja v\u00e4hensi sairastavuutta\",\"breadcrumb\":{\"@id\":\"https:\\\/\\\/www.filha.fi\\\/kansallinen-allergiaohjelma-2008-2018-muutti-asenteita-ja-vahensi-sairastavuutta\\\/#breadcrumb\"},\"inLanguage\":\"en-US\",\"potentialAction\":[{\"@type\":\"ReadAction\",\"target\":[\"https:\\\/\\\/www.filha.fi\\\/kansallinen-allergiaohjelma-2008-2018-muutti-asenteita-ja-vahensi-sairastavuutta\\\/\"]}]},{\"@type\":\"BreadcrumbList\",\"@id\":\"https:\\\/\\\/www.filha.fi\\\/kansallinen-allergiaohjelma-2008-2018-muutti-asenteita-ja-vahensi-sairastavuutta\\\/#breadcrumb\",\"itemListElement\":[{\"@type\":\"ListItem\",\"position\":1,\"name\":\"Home\",\"item\":\"https:\\\/\\\/www.filha.fi\\\/\"},{\"@type\":\"ListItem\",\"position\":2,\"name\":\"Kansallinen allergiaohjelma 2008\u20132018 muutti asenteita ja v\u00e4hensi sairastavuutta\"}]},{\"@type\":\"WebSite\",\"@id\":\"https:\\\/\\\/www.filha.fi\\\/#website\",\"url\":\"https:\\\/\\\/www.filha.fi\\\/\",\"name\":\"Filha\",\"description\":\"Expertise in lung health\",\"publisher\":{\"@id\":\"https:\\\/\\\/www.filha.fi\\\/#organization\"},\"potentialAction\":[{\"@type\":\"SearchAction\",\"target\":{\"@type\":\"EntryPoint\",\"urlTemplate\":\"https:\\\/\\\/www.filha.fi\\\/?s={search_term_string}\"},\"query-input\":{\"@type\":\"PropertyValueSpecification\",\"valueRequired\":true,\"valueName\":\"search_term_string\"}}],\"inLanguage\":\"en-US\"},{\"@type\":\"Organization\",\"@id\":\"https:\\\/\\\/www.filha.fi\\\/#organization\",\"name\":\"Filha ry\",\"url\":\"https:\\\/\\\/www.filha.fi\\\/\",\"logo\":{\"@type\":\"ImageObject\",\"inLanguage\":\"en-US\",\"@id\":\"https:\\\/\\\/www.filha.fi\\\/#\\\/schema\\\/logo\\\/image\\\/\",\"url\":\"https:\\\/\\\/www.filha.fi\\\/wp-content\\\/uploads\\\/2019\\\/04\\\/Filha-logo.png\",\"contentUrl\":\"https:\\\/\\\/www.filha.fi\\\/wp-content\\\/uploads\\\/2019\\\/04\\\/Filha-logo.png\",\"width\":960,\"height\":1230,\"caption\":\"Filha ry\"},\"image\":{\"@id\":\"https:\\\/\\\/www.filha.fi\\\/#\\\/schema\\\/logo\\\/image\\\/\"}},{\"@type\":\"Person\",\"@id\":\"https:\\\/\\\/www.filha.fi\\\/#\\\/schema\\\/person\\\/d9a90cc0a9cfe31f761832c935c04c52\",\"name\":\"Mikko\",\"image\":{\"@type\":\"ImageObject\",\"inLanguage\":\"en-US\",\"@id\":\"https:\\\/\\\/secure.gravatar.com\\\/avatar\\\/6a6015615a61dab4de62263f8e33282bfbdf741ee000ec7c1fa375fe860de5b2?s=96&d=mm&r=g\",\"url\":\"https:\\\/\\\/secure.gravatar.com\\\/avatar\\\/6a6015615a61dab4de62263f8e33282bfbdf741ee000ec7c1fa375fe860de5b2?s=96&d=mm&r=g\",\"contentUrl\":\"https:\\\/\\\/secure.gravatar.com\\\/avatar\\\/6a6015615a61dab4de62263f8e33282bfbdf741ee000ec7c1fa375fe860de5b2?s=96&d=mm&r=g\",\"caption\":\"Mikko\"}}]}<\/script>\n<!-- \/ Yoast SEO plugin. -->","yoast_head_json":{"title":"Kansallinen allergiaohjelma 2008\u20132018 muutti asenteita ja v\u00e4hensi sairastavuutta","robots":{"index":"index","follow":"follow","max-snippet":"max-snippet:-1","max-image-preview":"max-image-preview:large","max-video-preview":"max-video-preview:-1"},"canonical":"https:\/\/www.filha.fi\/kansallinen-allergiaohjelma-2008-2018-muutti-asenteita-ja-vahensi-sairastavuutta\/","og_locale":"en_US","og_type":"article","og_title":"Kansallinen allergiaohjelma 2008\u20132018 muutti asenteita ja v\u00e4hensi sairastavuutta","og_url":"https:\/\/www.filha.fi\/kansallinen-allergiaohjelma-2008-2018-muutti-asenteita-ja-vahensi-sairastavuutta\/","og_site_name":"Filha","article_published_time":"2020-09-07T07:12:41+00:00","og_image":[{"width":960,"height":1230,"url":"https:\/\/www.filha.fi\/wp-content\/uploads\/2019\/04\/Filha-logo.png","type":"image\/png"}],"author":"Mikko","twitter_card":"summary_large_image","twitter_misc":{"Written by":"Mikko"},"schema":{"@context":"https:\/\/schema.org","@graph":[{"@type":"Article","@id":"https:\/\/www.filha.fi\/kansallinen-allergiaohjelma-2008-2018-muutti-asenteita-ja-vahensi-sairastavuutta\/#article","isPartOf":{"@id":"https:\/\/www.filha.fi\/kansallinen-allergiaohjelma-2008-2018-muutti-asenteita-ja-vahensi-sairastavuutta\/"},"author":{"name":"Mikko","@id":"https:\/\/www.filha.fi\/#\/schema\/person\/d9a90cc0a9cfe31f761832c935c04c52"},"headline":"Kansallinen allergiaohjelma 2008\u20132018 muutti asenteita ja v\u00e4hensi sairastavuutta","datePublished":"2020-09-07T07:12:41+00:00","mainEntityOfPage":{"@id":"https:\/\/www.filha.fi\/kansallinen-allergiaohjelma-2008-2018-muutti-asenteita-ja-vahensi-sairastavuutta\/"},"wordCount":57,"publisher":{"@id":"https:\/\/www.filha.fi\/#organization"},"articleSection":["Allergiaohjelma","Krista","Tuula"],"inLanguage":"en-US"},{"@type":"WebPage","@id":"https:\/\/www.filha.fi\/kansallinen-allergiaohjelma-2008-2018-muutti-asenteita-ja-vahensi-sairastavuutta\/","url":"https:\/\/www.filha.fi\/kansallinen-allergiaohjelma-2008-2018-muutti-asenteita-ja-vahensi-sairastavuutta\/","name":"Kansallinen allergiaohjelma 2008\u20132018 muutti asenteita ja v\u00e4hensi sairastavuutta","isPartOf":{"@id":"https:\/\/www.filha.fi\/#website"},"datePublished":"2020-09-07T07:12:41+00:00","description":"Kansallinen allergiaohjelma 2008\u20132018 muutti asenteita ja v\u00e4hensi sairastavuutta","breadcrumb":{"@id":"https:\/\/www.filha.fi\/kansallinen-allergiaohjelma-2008-2018-muutti-asenteita-ja-vahensi-sairastavuutta\/#breadcrumb"},"inLanguage":"en-US","potentialAction":[{"@type":"ReadAction","target":["https:\/\/www.filha.fi\/kansallinen-allergiaohjelma-2008-2018-muutti-asenteita-ja-vahensi-sairastavuutta\/"]}]},{"@type":"BreadcrumbList","@id":"https:\/\/www.filha.fi\/kansallinen-allergiaohjelma-2008-2018-muutti-asenteita-ja-vahensi-sairastavuutta\/#breadcrumb","itemListElement":[{"@type":"ListItem","position":1,"name":"Home","item":"https:\/\/www.filha.fi\/"},{"@type":"ListItem","position":2,"name":"Kansallinen allergiaohjelma 2008\u20132018 muutti asenteita ja v\u00e4hensi sairastavuutta"}]},{"@type":"WebSite","@id":"https:\/\/www.filha.fi\/#website","url":"https:\/\/www.filha.fi\/","name":"Filha","description":"Expertise in lung health","publisher":{"@id":"https:\/\/www.filha.fi\/#organization"},"potentialAction":[{"@type":"SearchAction","target":{"@type":"EntryPoint","urlTemplate":"https:\/\/www.filha.fi\/?s={search_term_string}"},"query-input":{"@type":"PropertyValueSpecification","valueRequired":true,"valueName":"search_term_string"}}],"inLanguage":"en-US"},{"@type":"Organization","@id":"https:\/\/www.filha.fi\/#organization","name":"Filha ry","url":"https:\/\/www.filha.fi\/","logo":{"@type":"ImageObject","inLanguage":"en-US","@id":"https:\/\/www.filha.fi\/#\/schema\/logo\/image\/","url":"https:\/\/www.filha.fi\/wp-content\/uploads\/2019\/04\/Filha-logo.png","contentUrl":"https:\/\/www.filha.fi\/wp-content\/uploads\/2019\/04\/Filha-logo.png","width":960,"height":1230,"caption":"Filha ry"},"image":{"@id":"https:\/\/www.filha.fi\/#\/schema\/logo\/image\/"}},{"@type":"Person","@id":"https:\/\/www.filha.fi\/#\/schema\/person\/d9a90cc0a9cfe31f761832c935c04c52","name":"Mikko","image":{"@type":"ImageObject","inLanguage":"en-US","@id":"https:\/\/secure.gravatar.com\/avatar\/6a6015615a61dab4de62263f8e33282bfbdf741ee000ec7c1fa375fe860de5b2?s=96&d=mm&r=g","url":"https:\/\/secure.gravatar.com\/avatar\/6a6015615a61dab4de62263f8e33282bfbdf741ee000ec7c1fa375fe860de5b2?s=96&d=mm&r=g","contentUrl":"https:\/\/secure.gravatar.com\/avatar\/6a6015615a61dab4de62263f8e33282bfbdf741ee000ec7c1fa375fe860de5b2?s=96&d=mm&r=g","caption":"Mikko"}}]}},"_links":{"self":[{"href":"https:\/\/www.filha.fi\/en\/wp-json\/wp\/v2\/posts\/5629","targetHints":{"allow":["GET"]}}],"collection":[{"href":"https:\/\/www.filha.fi\/en\/wp-json\/wp\/v2\/posts"}],"about":[{"href":"https:\/\/www.filha.fi\/en\/wp-json\/wp\/v2\/types\/post"}],"author":[{"embeddable":true,"href":"https:\/\/www.filha.fi\/en\/wp-json\/wp\/v2\/users\/4"}],"replies":[{"embeddable":true,"href":"https:\/\/www.filha.fi\/en\/wp-json\/wp\/v2\/comments?post=5629"}],"version-history":[{"count":0,"href":"https:\/\/www.filha.fi\/en\/wp-json\/wp\/v2\/posts\/5629\/revisions"}],"wp:attachment":[{"href":"https:\/\/www.filha.fi\/en\/wp-json\/wp\/v2\/media?parent=5629"}],"wp:term":[{"taxonomy":"category","embeddable":true,"href":"https:\/\/www.filha.fi\/en\/wp-json\/wp\/v2\/categories?post=5629"},{"taxonomy":"post_tag","embeddable":true,"href":"https:\/\/www.filha.fi\/en\/wp-json\/wp\/v2\/tags?post=5629"}],"curies":[{"name":"wp","href":"https:\/\/api.w.org\/{rel}","templated":true}]}}