{"id":596,"date":"2019-02-18T08:33:37","date_gmt":"2019-02-18T08:33:37","guid":{"rendered":"http:\/\/www.filha.fi\/news\/rakennuksen-kayttajien-oireilu-heijastaa-huonosti-sisailman-epapuhtauksien-maaraa-oireita-ei-tule-kuitenkaan-vahatella\/"},"modified":"2019-06-13T10:57:44","modified_gmt":"2019-06-13T07:57:44","slug":"rakennuksen-kayttajien-oireilu-heijastaa-huonosti-sisailman-epapuhtauksien-maaraa-oireita-ei-tule-kuitenkaan-vahatella","status":"publish","type":"post","link":"https:\/\/www.filha.fi\/en\/rakennuksen-kayttajien-oireilu-heijastaa-huonosti-sisailman-epapuhtauksien-maaraa-oireita-ei-tule-kuitenkaan-vahatella\/","title":{"rendered":"Rakennuksen k\u00e4ytt\u00e4jien oireilu heijastaa huonosti sis\u00e4ilman ep\u00e4puhtauksien m\u00e4\u00e4r\u00e4\u00e4 &#8211; oireita ei tule kuitenkaan v\u00e4h\u00e4tell\u00e4"},"content":{"rendered":"<p>Artikkeli julkaistu THL:n verkkosivuilla 18.2.2019<\/p>\n<p>Rakennuksia ei my\u00f6sk\u00e4\u00e4n voida mustavalkoisesti jakaa \u201dterveisiin\u201d ja \u201dsairaisiin\u201d ihmisten oireilun tai altistumisen perusteella, koska kaikissa rakennuksissa on enemm\u00e4n tai v\u00e4hemm\u00e4n sek\u00e4 oireilua ett\u00e4 erilaisia altisteita. Esimerkiksi jonkinasteisia mikrobiper\u00e4isi\u00e4 vaurioita esiintyy l\u00e4hes kaikissa rakennuksissa jossain vaiheessa niiden elinkaarta. Sellaista rakennusta, jossa kukaan ei oireile, ei my\u00f6sk\u00e4\u00e4n ole olemassa. Selv\u00e4\u00e4 on, ett\u00e4 sis\u00e4ilmaongelmia pit\u00e4\u00e4 ehk\u00e4ist\u00e4 ennakolta ja ongelmat tulee hoitaa ripe\u00e4sti.<\/p>\n<p>Sis\u00e4ilmaan liittyv\u00e4t v\u00e4\u00e4rink\u00e4sitykset ja oireilun k\u00e4ytt\u00f6 sis\u00e4ilman ep\u00e4puhtauksien mittarina vaikeuttavat sis\u00e4ilmaongelmien j\u00e4rkiper\u00e4ist\u00e4 k\u00e4sittely\u00e4. Pahimmillaan korjataan v\u00e4\u00e4ri\u00e4 rakennuksia eik\u00e4 niit\u00e4, joiden olosuhteet ovat terveydelle haitallisimpia. Oireiluun vaikuttavat my\u00f6s monet yksil\u00f6lliset ja yhteis\u00f6lliset tekij\u00e4t<\/p>\n<p>Sis\u00e4ilmaan liitetty\u00e4 oireilua ei voi k\u00e4ytt\u00e4\u00e4 suoraan sis\u00e4ilman ep\u00e4puhtauksien mittarina my\u00f6sk\u00e4\u00e4n siksi, ett\u00e4 oireiluun vaikuttavat sis\u00e4ilman lis\u00e4ksi monet yksil\u00f6lliset ja yhteis\u00f6lliset tekij\u00e4t.<\/p>\n<p>\u2019\u2019Tilanne on hyvin samanlainen kaikessa oireilussa ja sairauksissa: oireet heijastavat vain hyvin ep\u00e4tarkasti altisteiden tai sairauden vakavuutta objektiivisesti mitattuna. Oireilu on kuitenkin aina todellista eik\u00e4 oireilun v\u00e4h\u00e4ttely hy\u00f6dyt\u00e4 ket\u00e4\u00e4n, ei sis\u00e4ilmaongelmien ratkaisemista eik\u00e4 my\u00f6sk\u00e4\u00e4n oireilevaa henkil\u00f6\u00e4\u2019\u2019, sanoo <strong>tutkimusprofessori Juha Pekkanen<\/strong>.<\/p>\n<p>Sis\u00e4ymp\u00e4rist\u00f6iss\u00e4 oireilevien tilannetta tulisikin parantaa. Puutteita ja kehitt\u00e4mistarpeita on hoito- ja palvelupoluissa, diagnostiikassa ja hoidossa, oireilevien tukemisessa, sosiaaliturvassa sek\u00e4 kuntoutuksessa.<\/p>\n<p>\u201dOireiden syyt tulee selvitt\u00e4\u00e4, oireilevaa ja sairastunutta auttaa. Joskus toimien kohde on ymp\u00e4rist\u00f6, joskus oireileva, usein molemmat. My\u00f6s terveydenhuollon ammattilaisten tiedot ja taidot sis\u00e4ymp\u00e4rist\u00f6iss\u00e4 oireilevien potilaiden kohtaamisesta tarvitsevat p\u00e4ivitt\u00e4mist\u00e4\u201d, sanoo <strong>ylil\u00e4\u00e4k\u00e4ri Jussi Lampi.<\/strong><\/p>\n<p>Nykyisiss\u00e4 tavoissa toimia ja arvioida rakennusten sis\u00e4ilman terveellisyytt\u00e4 on parantamisen varaa. THL:n koordinoiman Sis\u00e4ilma ja terveys -ohjelman tavoitteena on keskitty\u00e4 ihmisten terveyteen ja hyvinvointiin, tuoda uusia tutkittuun tietoon perustuvia keinoja ja ratkaisuja ongelmatilanteisiin.<\/p>\n<p>Lis\u00e4tietoja<\/p>\n<p>Pekkanen ym. Terve ihminen terveiss\u00e4 tiloissa:<a href=\"http:\/\/www.julkari.fi\/handle\/10024\/137627\" target=\"_blank\" rel=\"noopener noreferrer\"> Kansallinen sis\u00e4ilma ja terveys -ohjelma 2018\u20132028<\/a>. Ymp\u00e4rist\u00f6 ja Terveys -lehti. 1\/2019.<\/p>\n<p>Tuula Vasankari<br \/>\nP\u00e4\u00e4sihteeri, LT, professori, keuhkosairauksien erikoisl\u00e4\u00e4k\u00e4ri<br \/>\n050-5450589<\/p>\n","protected":false},"excerpt":{"rendered":"<p>Artikkeli julkaistu THL:n verkkosivuilla 18.2.2019 Rakennuksia ei my\u00f6sk\u00e4\u00e4n voida mustavalkoisesti jakaa \u201dterveisiin\u201d ja \u201dsairaisiin\u201d ihmisten oireilun tai altistumisen perusteella, koska kaikissa rakennuksissa on enemm\u00e4n tai v\u00e4hemm\u00e4n sek\u00e4 oireilua ett\u00e4 erilaisia &#8230; <a title=\"Rakennuksen k\u00e4ytt\u00e4jien oireilu heijastaa huonosti sis\u00e4ilman ep\u00e4puhtauksien m\u00e4\u00e4r\u00e4\u00e4 &#8211; oireita ei tule kuitenkaan v\u00e4h\u00e4tell\u00e4\" class=\"read-more\" href=\"https:\/\/www.filha.fi\/en\/rakennuksen-kayttajien-oireilu-heijastaa-huonosti-sisailman-epapuhtauksien-maaraa-oireita-ei-tule-kuitenkaan-vahatella\/\" aria-label=\"Read more about Rakennuksen k\u00e4ytt\u00e4jien oireilu heijastaa huonosti sis\u00e4ilman ep\u00e4puhtauksien m\u00e4\u00e4r\u00e4\u00e4 &#8211; oireita ei tule kuitenkaan v\u00e4h\u00e4tell\u00e4\">Read more<\/a><\/p>\n","protected":false},"author":4,"featured_media":0,"comment_status":"closed","ping_status":"closed","sticky":false,"template":"","format":"standard","meta":{"_acf_changed":false,"footnotes":""},"categories":[13,21],"tags":[],"class_list":["post-596","post","type-post","status-publish","format-standard","hentry","category-ajankohtaista","category-sisailma"],"translation":{"provider":"WPGlobus","version":"3.0.2","language":"en","enabled_languages":["fi","en"],"languages":{"fi":{"title":true,"content":true,"excerpt":false},"en":{"title":false,"content":false,"excerpt":false}}},"acf":[],"yoast_head":"<!-- This site is optimized with the Yoast SEO plugin v27.5 - https:\/\/yoast.com\/product\/yoast-seo-wordpress\/ -->\n<title>Rakennuksen k\u00e4ytt\u00e4jien oireilu heijastaa huonosti sis\u00e4ilman ep\u00e4puhtauksien m\u00e4\u00e4r\u00e4\u00e4 - oireita ei tule kuitenkaan v\u00e4h\u00e4tell\u00e4<\/title>\n<meta name=\"robots\" content=\"index, follow, max-snippet:-1, max-image-preview:large, max-video-preview:-1\" \/>\n<link rel=\"canonical\" href=\"https:\/\/www.filha.fi\/rakennuksen-kayttajien-oireilu-heijastaa-huonosti-sisailman-epapuhtauksien-maaraa-oireita-ei-tule-kuitenkaan-vahatella\/\" \/>\n<meta property=\"og:locale\" content=\"en_US\" \/>\n<meta property=\"og:type\" content=\"article\" \/>\n<meta property=\"og:title\" content=\"Rakennuksen k\u00e4ytt\u00e4jien oireilu heijastaa huonosti sis\u00e4ilman ep\u00e4puhtauksien m\u00e4\u00e4r\u00e4\u00e4 - oireita ei tule kuitenkaan v\u00e4h\u00e4tell\u00e4\" \/>\n<meta property=\"og:url\" content=\"https:\/\/www.filha.fi\/rakennuksen-kayttajien-oireilu-heijastaa-huonosti-sisailman-epapuhtauksien-maaraa-oireita-ei-tule-kuitenkaan-vahatella\/\" \/>\n<meta property=\"og:site_name\" content=\"Filha\" \/>\n<meta property=\"article:published_time\" content=\"2019-02-18T08:33:37+00:00\" \/>\n<meta property=\"article:modified_time\" content=\"2019-06-13T07:57:44+00:00\" \/>\n<meta property=\"og:image\" content=\"https:\/\/www.filha.fi\/wp-content\/uploads\/2019\/04\/Filha-logo.png\" \/>\n\t<meta property=\"og:image:width\" content=\"960\" \/>\n\t<meta property=\"og:image:height\" content=\"1230\" \/>\n\t<meta property=\"og:image:type\" content=\"image\/png\" \/>\n<meta name=\"author\" content=\"Mikko\" \/>\n<meta name=\"twitter:card\" content=\"summary_large_image\" \/>\n<meta name=\"twitter:label1\" content=\"Written by\" \/>\n\t<meta name=\"twitter:data1\" content=\"Mikko\" \/>\n\t<meta name=\"twitter:label2\" content=\"Est. reading time\" \/>\n\t<meta name=\"twitter:data2\" content=\"2 minutes\" \/>\n<script type=\"application\/ld+json\" class=\"yoast-schema-graph\">{\"@context\":\"https:\\\/\\\/schema.org\",\"@graph\":[{\"@type\":\"Article\",\"@id\":\"https:\\\/\\\/www.filha.fi\\\/rakennuksen-kayttajien-oireilu-heijastaa-huonosti-sisailman-epapuhtauksien-maaraa-oireita-ei-tule-kuitenkaan-vahatella\\\/#article\",\"isPartOf\":{\"@id\":\"https:\\\/\\\/www.filha.fi\\\/rakennuksen-kayttajien-oireilu-heijastaa-huonosti-sisailman-epapuhtauksien-maaraa-oireita-ei-tule-kuitenkaan-vahatella\\\/\"},\"author\":{\"name\":\"Mikko\",\"@id\":\"https:\\\/\\\/www.filha.fi\\\/#\\\/schema\\\/person\\\/d9a90cc0a9cfe31f761832c935c04c52\"},\"headline\":\"Rakennuksen k\u00e4ytt\u00e4jien oireilu heijastaa huonosti sis\u00e4ilman ep\u00e4puhtauksien m\u00e4\u00e4r\u00e4\u00e4 &#8211; oireita ei tule kuitenkaan v\u00e4h\u00e4tell\u00e4\",\"datePublished\":\"2019-02-18T08:33:37+00:00\",\"dateModified\":\"2019-06-13T07:57:44+00:00\",\"mainEntityOfPage\":{\"@id\":\"https:\\\/\\\/www.filha.fi\\\/rakennuksen-kayttajien-oireilu-heijastaa-huonosti-sisailman-epapuhtauksien-maaraa-oireita-ei-tule-kuitenkaan-vahatella\\\/\"},\"wordCount\":359,\"publisher\":{\"@id\":\"https:\\\/\\\/www.filha.fi\\\/#organization\"},\"articleSection\":[\"Ajankohtaista\",\"Sis\u00e4ilma\"],\"inLanguage\":\"en-US\"},{\"@type\":\"WebPage\",\"@id\":\"https:\\\/\\\/www.filha.fi\\\/rakennuksen-kayttajien-oireilu-heijastaa-huonosti-sisailman-epapuhtauksien-maaraa-oireita-ei-tule-kuitenkaan-vahatella\\\/\",\"url\":\"https:\\\/\\\/www.filha.fi\\\/rakennuksen-kayttajien-oireilu-heijastaa-huonosti-sisailman-epapuhtauksien-maaraa-oireita-ei-tule-kuitenkaan-vahatella\\\/\",\"name\":\"Rakennuksen k\u00e4ytt\u00e4jien oireilu heijastaa huonosti sis\u00e4ilman ep\u00e4puhtauksien m\u00e4\u00e4r\u00e4\u00e4 - oireita ei tule kuitenkaan v\u00e4h\u00e4tell\u00e4\",\"isPartOf\":{\"@id\":\"https:\\\/\\\/www.filha.fi\\\/#website\"},\"datePublished\":\"2019-02-18T08:33:37+00:00\",\"dateModified\":\"2019-06-13T07:57:44+00:00\",\"description\":\"Rakennuksen k\u00e4ytt\u00e4jien oireilu heijastaa huonosti sis\u00e4ilman ep\u00e4puhtauksien m\u00e4\u00e4r\u00e4\u00e4 - oireita ei tule kuitenkaan v\u00e4h\u00e4tell\u00e4\",\"breadcrumb\":{\"@id\":\"https:\\\/\\\/www.filha.fi\\\/rakennuksen-kayttajien-oireilu-heijastaa-huonosti-sisailman-epapuhtauksien-maaraa-oireita-ei-tule-kuitenkaan-vahatella\\\/#breadcrumb\"},\"inLanguage\":\"en-US\",\"potentialAction\":[{\"@type\":\"ReadAction\",\"target\":[\"https:\\\/\\\/www.filha.fi\\\/rakennuksen-kayttajien-oireilu-heijastaa-huonosti-sisailman-epapuhtauksien-maaraa-oireita-ei-tule-kuitenkaan-vahatella\\\/\"]}]},{\"@type\":\"BreadcrumbList\",\"@id\":\"https:\\\/\\\/www.filha.fi\\\/rakennuksen-kayttajien-oireilu-heijastaa-huonosti-sisailman-epapuhtauksien-maaraa-oireita-ei-tule-kuitenkaan-vahatella\\\/#breadcrumb\",\"itemListElement\":[{\"@type\":\"ListItem\",\"position\":1,\"name\":\"Home\",\"item\":\"https:\\\/\\\/www.filha.fi\\\/\"},{\"@type\":\"ListItem\",\"position\":2,\"name\":\"Rakennuksen k\u00e4ytt\u00e4jien oireilu heijastaa huonosti sis\u00e4ilman ep\u00e4puhtauksien m\u00e4\u00e4r\u00e4\u00e4 &#8211; oireita ei tule kuitenkaan v\u00e4h\u00e4tell\u00e4\"}]},{\"@type\":\"WebSite\",\"@id\":\"https:\\\/\\\/www.filha.fi\\\/#website\",\"url\":\"https:\\\/\\\/www.filha.fi\\\/\",\"name\":\"Filha\",\"description\":\"Expertise in lung health\",\"publisher\":{\"@id\":\"https:\\\/\\\/www.filha.fi\\\/#organization\"},\"potentialAction\":[{\"@type\":\"SearchAction\",\"target\":{\"@type\":\"EntryPoint\",\"urlTemplate\":\"https:\\\/\\\/www.filha.fi\\\/?s={search_term_string}\"},\"query-input\":{\"@type\":\"PropertyValueSpecification\",\"valueRequired\":true,\"valueName\":\"search_term_string\"}}],\"inLanguage\":\"en-US\"},{\"@type\":\"Organization\",\"@id\":\"https:\\\/\\\/www.filha.fi\\\/#organization\",\"name\":\"Filha ry\",\"url\":\"https:\\\/\\\/www.filha.fi\\\/\",\"logo\":{\"@type\":\"ImageObject\",\"inLanguage\":\"en-US\",\"@id\":\"https:\\\/\\\/www.filha.fi\\\/#\\\/schema\\\/logo\\\/image\\\/\",\"url\":\"https:\\\/\\\/www.filha.fi\\\/wp-content\\\/uploads\\\/2019\\\/04\\\/Filha-logo.png\",\"contentUrl\":\"https:\\\/\\\/www.filha.fi\\\/wp-content\\\/uploads\\\/2019\\\/04\\\/Filha-logo.png\",\"width\":960,\"height\":1230,\"caption\":\"Filha ry\"},\"image\":{\"@id\":\"https:\\\/\\\/www.filha.fi\\\/#\\\/schema\\\/logo\\\/image\\\/\"}},{\"@type\":\"Person\",\"@id\":\"https:\\\/\\\/www.filha.fi\\\/#\\\/schema\\\/person\\\/d9a90cc0a9cfe31f761832c935c04c52\",\"name\":\"Mikko\",\"image\":{\"@type\":\"ImageObject\",\"inLanguage\":\"en-US\",\"@id\":\"https:\\\/\\\/secure.gravatar.com\\\/avatar\\\/6a6015615a61dab4de62263f8e33282bfbdf741ee000ec7c1fa375fe860de5b2?s=96&d=mm&r=g\",\"url\":\"https:\\\/\\\/secure.gravatar.com\\\/avatar\\\/6a6015615a61dab4de62263f8e33282bfbdf741ee000ec7c1fa375fe860de5b2?s=96&d=mm&r=g\",\"contentUrl\":\"https:\\\/\\\/secure.gravatar.com\\\/avatar\\\/6a6015615a61dab4de62263f8e33282bfbdf741ee000ec7c1fa375fe860de5b2?s=96&d=mm&r=g\",\"caption\":\"Mikko\"}}]}<\/script>\n<!-- \/ Yoast SEO plugin. -->","yoast_head_json":{"title":"Rakennuksen k\u00e4ytt\u00e4jien oireilu heijastaa huonosti sis\u00e4ilman ep\u00e4puhtauksien m\u00e4\u00e4r\u00e4\u00e4 - oireita ei tule kuitenkaan v\u00e4h\u00e4tell\u00e4","robots":{"index":"index","follow":"follow","max-snippet":"max-snippet:-1","max-image-preview":"max-image-preview:large","max-video-preview":"max-video-preview:-1"},"canonical":"https:\/\/www.filha.fi\/rakennuksen-kayttajien-oireilu-heijastaa-huonosti-sisailman-epapuhtauksien-maaraa-oireita-ei-tule-kuitenkaan-vahatella\/","og_locale":"en_US","og_type":"article","og_title":"Rakennuksen k\u00e4ytt\u00e4jien oireilu heijastaa huonosti sis\u00e4ilman ep\u00e4puhtauksien m\u00e4\u00e4r\u00e4\u00e4 - oireita ei tule kuitenkaan v\u00e4h\u00e4tell\u00e4","og_url":"https:\/\/www.filha.fi\/rakennuksen-kayttajien-oireilu-heijastaa-huonosti-sisailman-epapuhtauksien-maaraa-oireita-ei-tule-kuitenkaan-vahatella\/","og_site_name":"Filha","article_published_time":"2019-02-18T08:33:37+00:00","article_modified_time":"2019-06-13T07:57:44+00:00","og_image":[{"width":960,"height":1230,"url":"https:\/\/www.filha.fi\/wp-content\/uploads\/2019\/04\/Filha-logo.png","type":"image\/png"}],"author":"Mikko","twitter_card":"summary_large_image","twitter_misc":{"Written by":"Mikko","Est. reading time":"2 minutes"},"schema":{"@context":"https:\/\/schema.org","@graph":[{"@type":"Article","@id":"https:\/\/www.filha.fi\/rakennuksen-kayttajien-oireilu-heijastaa-huonosti-sisailman-epapuhtauksien-maaraa-oireita-ei-tule-kuitenkaan-vahatella\/#article","isPartOf":{"@id":"https:\/\/www.filha.fi\/rakennuksen-kayttajien-oireilu-heijastaa-huonosti-sisailman-epapuhtauksien-maaraa-oireita-ei-tule-kuitenkaan-vahatella\/"},"author":{"name":"Mikko","@id":"https:\/\/www.filha.fi\/#\/schema\/person\/d9a90cc0a9cfe31f761832c935c04c52"},"headline":"Rakennuksen k\u00e4ytt\u00e4jien oireilu heijastaa huonosti sis\u00e4ilman ep\u00e4puhtauksien m\u00e4\u00e4r\u00e4\u00e4 &#8211; oireita ei tule kuitenkaan v\u00e4h\u00e4tell\u00e4","datePublished":"2019-02-18T08:33:37+00:00","dateModified":"2019-06-13T07:57:44+00:00","mainEntityOfPage":{"@id":"https:\/\/www.filha.fi\/rakennuksen-kayttajien-oireilu-heijastaa-huonosti-sisailman-epapuhtauksien-maaraa-oireita-ei-tule-kuitenkaan-vahatella\/"},"wordCount":359,"publisher":{"@id":"https:\/\/www.filha.fi\/#organization"},"articleSection":["Ajankohtaista","Sis\u00e4ilma"],"inLanguage":"en-US"},{"@type":"WebPage","@id":"https:\/\/www.filha.fi\/rakennuksen-kayttajien-oireilu-heijastaa-huonosti-sisailman-epapuhtauksien-maaraa-oireita-ei-tule-kuitenkaan-vahatella\/","url":"https:\/\/www.filha.fi\/rakennuksen-kayttajien-oireilu-heijastaa-huonosti-sisailman-epapuhtauksien-maaraa-oireita-ei-tule-kuitenkaan-vahatella\/","name":"Rakennuksen k\u00e4ytt\u00e4jien oireilu heijastaa huonosti sis\u00e4ilman ep\u00e4puhtauksien m\u00e4\u00e4r\u00e4\u00e4 - oireita ei tule kuitenkaan v\u00e4h\u00e4tell\u00e4","isPartOf":{"@id":"https:\/\/www.filha.fi\/#website"},"datePublished":"2019-02-18T08:33:37+00:00","dateModified":"2019-06-13T07:57:44+00:00","description":"Rakennuksen k\u00e4ytt\u00e4jien oireilu heijastaa huonosti sis\u00e4ilman ep\u00e4puhtauksien m\u00e4\u00e4r\u00e4\u00e4 - oireita ei tule kuitenkaan v\u00e4h\u00e4tell\u00e4","breadcrumb":{"@id":"https:\/\/www.filha.fi\/rakennuksen-kayttajien-oireilu-heijastaa-huonosti-sisailman-epapuhtauksien-maaraa-oireita-ei-tule-kuitenkaan-vahatella\/#breadcrumb"},"inLanguage":"en-US","potentialAction":[{"@type":"ReadAction","target":["https:\/\/www.filha.fi\/rakennuksen-kayttajien-oireilu-heijastaa-huonosti-sisailman-epapuhtauksien-maaraa-oireita-ei-tule-kuitenkaan-vahatella\/"]}]},{"@type":"BreadcrumbList","@id":"https:\/\/www.filha.fi\/rakennuksen-kayttajien-oireilu-heijastaa-huonosti-sisailman-epapuhtauksien-maaraa-oireita-ei-tule-kuitenkaan-vahatella\/#breadcrumb","itemListElement":[{"@type":"ListItem","position":1,"name":"Home","item":"https:\/\/www.filha.fi\/"},{"@type":"ListItem","position":2,"name":"Rakennuksen k\u00e4ytt\u00e4jien oireilu heijastaa huonosti sis\u00e4ilman ep\u00e4puhtauksien m\u00e4\u00e4r\u00e4\u00e4 &#8211; oireita ei tule kuitenkaan v\u00e4h\u00e4tell\u00e4"}]},{"@type":"WebSite","@id":"https:\/\/www.filha.fi\/#website","url":"https:\/\/www.filha.fi\/","name":"Filha","description":"Expertise in lung health","publisher":{"@id":"https:\/\/www.filha.fi\/#organization"},"potentialAction":[{"@type":"SearchAction","target":{"@type":"EntryPoint","urlTemplate":"https:\/\/www.filha.fi\/?s={search_term_string}"},"query-input":{"@type":"PropertyValueSpecification","valueRequired":true,"valueName":"search_term_string"}}],"inLanguage":"en-US"},{"@type":"Organization","@id":"https:\/\/www.filha.fi\/#organization","name":"Filha ry","url":"https:\/\/www.filha.fi\/","logo":{"@type":"ImageObject","inLanguage":"en-US","@id":"https:\/\/www.filha.fi\/#\/schema\/logo\/image\/","url":"https:\/\/www.filha.fi\/wp-content\/uploads\/2019\/04\/Filha-logo.png","contentUrl":"https:\/\/www.filha.fi\/wp-content\/uploads\/2019\/04\/Filha-logo.png","width":960,"height":1230,"caption":"Filha ry"},"image":{"@id":"https:\/\/www.filha.fi\/#\/schema\/logo\/image\/"}},{"@type":"Person","@id":"https:\/\/www.filha.fi\/#\/schema\/person\/d9a90cc0a9cfe31f761832c935c04c52","name":"Mikko","image":{"@type":"ImageObject","inLanguage":"en-US","@id":"https:\/\/secure.gravatar.com\/avatar\/6a6015615a61dab4de62263f8e33282bfbdf741ee000ec7c1fa375fe860de5b2?s=96&d=mm&r=g","url":"https:\/\/secure.gravatar.com\/avatar\/6a6015615a61dab4de62263f8e33282bfbdf741ee000ec7c1fa375fe860de5b2?s=96&d=mm&r=g","contentUrl":"https:\/\/secure.gravatar.com\/avatar\/6a6015615a61dab4de62263f8e33282bfbdf741ee000ec7c1fa375fe860de5b2?s=96&d=mm&r=g","caption":"Mikko"}}]}},"_links":{"self":[{"href":"https:\/\/www.filha.fi\/en\/wp-json\/wp\/v2\/posts\/596","targetHints":{"allow":["GET"]}}],"collection":[{"href":"https:\/\/www.filha.fi\/en\/wp-json\/wp\/v2\/posts"}],"about":[{"href":"https:\/\/www.filha.fi\/en\/wp-json\/wp\/v2\/types\/post"}],"author":[{"embeddable":true,"href":"https:\/\/www.filha.fi\/en\/wp-json\/wp\/v2\/users\/4"}],"replies":[{"embeddable":true,"href":"https:\/\/www.filha.fi\/en\/wp-json\/wp\/v2\/comments?post=596"}],"version-history":[{"count":0,"href":"https:\/\/www.filha.fi\/en\/wp-json\/wp\/v2\/posts\/596\/revisions"}],"wp:attachment":[{"href":"https:\/\/www.filha.fi\/en\/wp-json\/wp\/v2\/media?parent=596"}],"wp:term":[{"taxonomy":"category","embeddable":true,"href":"https:\/\/www.filha.fi\/en\/wp-json\/wp\/v2\/categories?post=596"},{"taxonomy":"post_tag","embeddable":true,"href":"https:\/\/www.filha.fi\/en\/wp-json\/wp\/v2\/tags?post=596"}],"curies":[{"name":"wp","href":"https:\/\/api.w.org\/{rel}","templated":true}]}}